{"id":1982,"date":"2015-02-14T15:11:48","date_gmt":"2015-02-14T15:11:48","guid":{"rendered":"https:\/\/www.bde-group.be\/en\/bde-group-etait-au-salon-des-mandataires\/"},"modified":"2018-03-06T17:15:01","modified_gmt":"2018-03-06T17:15:01","slug":"bde-group-etait-au-salon-des-mandataires","status":"publish","type":"post","link":"https:\/\/www.bde-group.be\/en\/bde-group-etait-au-salon-des-mandataires\/","title":{"rendered":"BDE Group \u00e9tait au salon des mandataires"},"content":{"rendered":"<p>Le 10\u00e8me Salon des Mandataires s\u2019est d\u00e9roul\u00e9 les 12 et 13 f\u00e9vrier derniers au WEX \u00e0 Marche-en-Famennes. Ce salon est r\u00e9serv\u00e9 aux mandataires wallons des communes, provinces, intercommunales, r\u00e9gies autonomes, minist\u00e8res et autres organismes d&#8217;int\u00e9r\u00eat public.<\/p>\n<p>Le Salon a remport\u00e9 un franc succ\u00e8s, avec plus de 13.000 visiteurs. Un record !<\/p>\n<p>BDE Group y \u00e9tait \u00e9galement, comme chaque ann\u00e9e, avec un stand commun avec la soci\u00e9t\u00e9 One Telecom, partenaire de BDE Group.<\/p>\n<p>De nombreux contacts ont pu ainsi \u00eatre \u00e9tablis.<\/p>\n","protected":false},"excerpt":{"rendered":"<p>Le 10\u00e8me Salon des Mandataires s\u2019est d\u00e9roul\u00e9 les 12 et 13 f\u00e9vrier derniers au WEX \u00e0 Marche-en-Famennes. Ce salon est r\u00e9serv\u00e9 aux mandataires wallons des communes, provinces, intercommunales, r\u00e9gies autonomes, minist\u00e8res et autres organismes d&#8217;int\u00e9r\u00eat public. Le Salon a remport\u00e9 un franc succ\u00e8s, avec plus de 13.000 visiteurs. Un record ! BDE Group y \u00e9tait [&hellip;]<\/p>\n","protected":false},"author":1,"featured_media":0,"comment_status":"open","ping_status":"open","sticky":false,"template":"","format":"standard","meta":[],"categories":[67],"tags":[],"yoast_head":"<!-- This site is optimized with the Yoast SEO plugin v17.9 - https:\/\/yoast.com\/wordpress\/plugins\/seo\/ -->\n<title>BDE Group \u00e9tait au salon des mandataires - BDE Group<\/title>\n<meta name=\"robots\" content=\"index, follow, max-snippet:-1, max-image-preview:large, max-video-preview:-1\" \/>\n<link rel=\"canonical\" href=\"https:\/\/www.bde-group.be\/en\/bde-group-etait-au-salon-des-mandataires\/\" \/>\n<meta property=\"og:locale\" content=\"en_US\" \/>\n<meta property=\"og:type\" content=\"article\" \/>\n<meta property=\"og:title\" content=\"BDE Group \u00e9tait au salon des mandataires - BDE Group\" \/>\n<meta property=\"og:description\" content=\"Le 10\u00e8me Salon des Mandataires s\u2019est d\u00e9roul\u00e9 les 12 et 13 f\u00e9vrier derniers au WEX \u00e0 Marche-en-Famennes. Ce salon est r\u00e9serv\u00e9 aux mandataires wallons des communes, provinces, intercommunales, r\u00e9gies autonomes, minist\u00e8res et autres organismes d&#8217;int\u00e9r\u00eat public. Le Salon a remport\u00e9 un franc succ\u00e8s, avec plus de 13.000 visiteurs. Un record ! BDE Group y \u00e9tait [&hellip;]\" \/>\n<meta property=\"og:url\" content=\"https:\/\/www.bde-group.be\/en\/bde-group-etait-au-salon-des-mandataires\/\" \/>\n<meta property=\"og:site_name\" content=\"BDE Group\" \/>\n<meta property=\"article:published_time\" content=\"2015-02-14T15:11:48+00:00\" \/>\n<meta property=\"article:modified_time\" content=\"2018-03-06T17:15:01+00:00\" \/>\n<meta name=\"twitter:card\" content=\"summary_large_image\" \/>\n<meta name=\"twitter:label1\" content=\"Written by\" \/>\n\t<meta name=\"twitter:data1\" content=\"bdegroup\" \/>\n<script type=\"application\/ld+json\" class=\"yoast-schema-graph\">{\"@context\":\"https:\/\/schema.org\",\"@graph\":[{\"@type\":\"WebSite\",\"@id\":\"https:\/\/www.bde-group.be\/#website\",\"url\":\"https:\/\/www.bde-group.be\/\",\"name\":\"BDE Group\",\"description\":\"Votre partenaire informatique!\",\"potentialAction\":[{\"@type\":\"SearchAction\",\"target\":{\"@type\":\"EntryPoint\",\"urlTemplate\":\"https:\/\/www.bde-group.be\/?s={search_term_string}\"},\"query-input\":\"required name=search_term_string\"}],\"inLanguage\":\"en-US\"},{\"@type\":\"WebPage\",\"@id\":\"https:\/\/www.bde-group.be\/en\/bde-group-etait-au-salon-des-mandataires\/#webpage\",\"url\":\"https:\/\/www.bde-group.be\/en\/bde-group-etait-au-salon-des-mandataires\/\",\"name\":\"BDE Group \\u00e9tait au salon des mandataires - BDE Group\",\"isPartOf\":{\"@id\":\"https:\/\/www.bde-group.be\/#website\"},\"datePublished\":\"2015-02-14T15:11:48+00:00\",\"dateModified\":\"2018-03-06T17:15:01+00:00\",\"author\":{\"@id\":\"https:\/\/www.bde-group.be\/#\/schema\/person\/7e4504016a63b862e55af1534441d884\"},\"breadcrumb\":{\"@id\":\"https:\/\/www.bde-group.be\/en\/bde-group-etait-au-salon-des-mandataires\/#breadcrumb\"},\"inLanguage\":\"en-US\",\"potentialAction\":[{\"@type\":\"ReadAction\",\"target\":[\"https:\/\/www.bde-group.be\/en\/bde-group-etait-au-salon-des-mandataires\/\"]}]},{\"@type\":\"BreadcrumbList\",\"@id\":\"https:\/\/www.bde-group.be\/en\/bde-group-etait-au-salon-des-mandataires\/#breadcrumb\",\"itemListElement\":[{\"@type\":\"ListItem\",\"position\":1,\"name\":\"Home\",\"item\":\"https:\/\/www.bde-group.be\/en\/\"},{\"@type\":\"ListItem\",\"position\":2,\"name\":\"BDE Group \\u00e9tait au salon des mandataires\"}]},{\"@type\":\"Person\",\"@id\":\"https:\/\/www.bde-group.be\/#\/schema\/person\/7e4504016a63b862e55af1534441d884\",\"name\":\"bdegroup\",\"image\":{\"@type\":\"ImageObject\",\"@id\":\"https:\/\/www.bde-group.be\/#personlogo\",\"inLanguage\":\"en-US\",\"url\":\"https:\/\/secure.gravatar.com\/avatar\/0af730ec9ee79e39c0fc49624b6ce77b?s=96&d=mm&r=g\",\"contentUrl\":\"https:\/\/secure.gravatar.com\/avatar\/0af730ec9ee79e39c0fc49624b6ce77b?s=96&d=mm&r=g\",\"caption\":\"bdegroup\"},\"url\":\"https:\/\/www.bde-group.be\/en\/author\/bdegroup\/\"}]}<\/script>\n<!-- \/ Yoast SEO plugin. -->","yoast_head_json":{"title":"BDE Group \u00e9tait au salon des mandataires - BDE Group","robots":{"index":"index","follow":"follow","max-snippet":"max-snippet:-1","max-image-preview":"max-image-preview:large","max-video-preview":"max-video-preview:-1"},"canonical":"https:\/\/www.bde-group.be\/en\/bde-group-etait-au-salon-des-mandataires\/","og_locale":"en_US","og_type":"article","og_title":"BDE Group \u00e9tait au salon des mandataires - BDE Group","og_description":"Le 10\u00e8me Salon des Mandataires s\u2019est d\u00e9roul\u00e9 les 12 et 13 f\u00e9vrier derniers au WEX \u00e0 Marche-en-Famennes. Ce salon est r\u00e9serv\u00e9 aux mandataires wallons des communes, provinces, intercommunales, r\u00e9gies autonomes, minist\u00e8res et autres organismes d&#8217;int\u00e9r\u00eat public. Le Salon a remport\u00e9 un franc succ\u00e8s, avec plus de 13.000 visiteurs. Un record ! BDE Group y \u00e9tait [&hellip;]","og_url":"https:\/\/www.bde-group.be\/en\/bde-group-etait-au-salon-des-mandataires\/","og_site_name":"BDE Group","article_published_time":"2015-02-14T15:11:48+00:00","article_modified_time":"2018-03-06T17:15:01+00:00","twitter_card":"summary_large_image","twitter_misc":{"Written by":"bdegroup"},"schema":{"@context":"https:\/\/schema.org","@graph":[{"@type":"WebSite","@id":"https:\/\/www.bde-group.be\/#website","url":"https:\/\/www.bde-group.be\/","name":"BDE Group","description":"Votre partenaire informatique!","potentialAction":[{"@type":"SearchAction","target":{"@type":"EntryPoint","urlTemplate":"https:\/\/www.bde-group.be\/?s={search_term_string}"},"query-input":"required name=search_term_string"}],"inLanguage":"en-US"},{"@type":"WebPage","@id":"https:\/\/www.bde-group.be\/en\/bde-group-etait-au-salon-des-mandataires\/#webpage","url":"https:\/\/www.bde-group.be\/en\/bde-group-etait-au-salon-des-mandataires\/","name":"BDE Group \u00e9tait au salon des mandataires - BDE Group","isPartOf":{"@id":"https:\/\/www.bde-group.be\/#website"},"datePublished":"2015-02-14T15:11:48+00:00","dateModified":"2018-03-06T17:15:01+00:00","author":{"@id":"https:\/\/www.bde-group.be\/#\/schema\/person\/7e4504016a63b862e55af1534441d884"},"breadcrumb":{"@id":"https:\/\/www.bde-group.be\/en\/bde-group-etait-au-salon-des-mandataires\/#breadcrumb"},"inLanguage":"en-US","potentialAction":[{"@type":"ReadAction","target":["https:\/\/www.bde-group.be\/en\/bde-group-etait-au-salon-des-mandataires\/"]}]},{"@type":"BreadcrumbList","@id":"https:\/\/www.bde-group.be\/en\/bde-group-etait-au-salon-des-mandataires\/#breadcrumb","itemListElement":[{"@type":"ListItem","position":1,"name":"Home","item":"https:\/\/www.bde-group.be\/en\/"},{"@type":"ListItem","position":2,"name":"BDE Group \u00e9tait au salon des mandataires"}]},{"@type":"Person","@id":"https:\/\/www.bde-group.be\/#\/schema\/person\/7e4504016a63b862e55af1534441d884","name":"bdegroup","image":{"@type":"ImageObject","@id":"https:\/\/www.bde-group.be\/#personlogo","inLanguage":"en-US","url":"https:\/\/secure.gravatar.com\/avatar\/0af730ec9ee79e39c0fc49624b6ce77b?s=96&d=mm&r=g","contentUrl":"https:\/\/secure.gravatar.com\/avatar\/0af730ec9ee79e39c0fc49624b6ce77b?s=96&d=mm&r=g","caption":"bdegroup"},"url":"https:\/\/www.bde-group.be\/en\/author\/bdegroup\/"}]}},"_links":{"self":[{"href":"https:\/\/www.bde-group.be\/en\/wp-json\/wp\/v2\/posts\/1982"}],"collection":[{"href":"https:\/\/www.bde-group.be\/en\/wp-json\/wp\/v2\/posts"}],"about":[{"href":"https:\/\/www.bde-group.be\/en\/wp-json\/wp\/v2\/types\/post"}],"author":[{"embeddable":true,"href":"https:\/\/www.bde-group.be\/en\/wp-json\/wp\/v2\/users\/1"}],"replies":[{"embeddable":true,"href":"https:\/\/www.bde-group.be\/en\/wp-json\/wp\/v2\/comments?post=1982"}],"version-history":[{"count":1,"href":"https:\/\/www.bde-group.be\/en\/wp-json\/wp\/v2\/posts\/1982\/revisions"}],"predecessor-version":[{"id":3017,"href":"https:\/\/www.bde-group.be\/en\/wp-json\/wp\/v2\/posts\/1982\/revisions\/3017"}],"wp:attachment":[{"href":"https:\/\/www.bde-group.be\/en\/wp-json\/wp\/v2\/media?parent=1982"}],"wp:term":[{"taxonomy":"category","embeddable":true,"href":"https:\/\/www.bde-group.be\/en\/wp-json\/wp\/v2\/categories?post=1982"},{"taxonomy":"post_tag","embeddable":true,"href":"https:\/\/www.bde-group.be\/en\/wp-json\/wp\/v2\/tags?post=1982"}],"curies":[{"name":"wp","href":"https:\/\/api.w.org\/{rel}","templated":true}]}}