{"id":1983,"date":"2014-12-03T15:15:29","date_gmt":"2014-12-03T15:15:29","guid":{"rendered":"https:\/\/www.bde-group.be\/nl\/mes-competences-avant-mon-handicap\/"},"modified":"2018-03-06T17:15:01","modified_gmt":"2018-03-06T17:15:01","slug":"mes-competences-avant-mon-handicap","status":"publish","type":"post","link":"https:\/\/www.bde-group.be\/nl\/mes-competences-avant-mon-handicap\/","title":{"rendered":"\u00ab Mes comp\u00e9tences avant mon handicap \u00bb"},"content":{"rendered":"<p>Marc Vingtcent a rejoint le BDE Group en novembre 2013 en tant que personne \u00e0 votre \u00e9coute pour toutes questions de support ou d\u2019assistance informatique par t\u00e9l\u00e9phone. Cet engagement, un peu particulier, a fait l\u2019objet d\u2019un article dans la Derni\u00e8re Heure. En effet, la r\u00e9gion Bruxelloise tente de sensibiliser les entreprises \u00e0 l\u2019engagement de personnes pr\u00e9sentant un handicap. C\u2019est le cas de Marc, n\u00e9 avec un handicap moteur. Toutefois, cela ne l\u2019emp\u00eache pas d\u2019avoir toutes les comp\u00e9tences n\u00e9cessaires pour mener \u00e0 bien son travail et c\u2019est bien le message que souhaitent faire passer la r\u00e9gion ainsi que notre groupe.<\/p>\n<p><a href=\"https:\/\/www.ecologic.be\/wp-content-secure\/uploads\/2014\/05\/Article-Marc-la-DH.png\" target=\"_blank\">Lire l&#8217;article<\/a><\/p>\n","protected":false},"excerpt":{"rendered":"<p>Marc Vingtcent a rejoint le BDE Group en novembre 2013 en tant que personne \u00e0 votre \u00e9coute pour toutes questions de support ou d\u2019assistance informatique par t\u00e9l\u00e9phone. Cet engagement, un peu particulier, a fait l\u2019objet d\u2019un article dans la Derni\u00e8re Heure. En effet, la r\u00e9gion Bruxelloise tente de sensibiliser les entreprises \u00e0 l\u2019engagement de personnes [&hellip;]<\/p>\n","protected":false},"author":1,"featured_media":0,"comment_status":"open","ping_status":"open","sticky":false,"template":"","format":"standard","meta":[],"categories":[77,65,78,66],"tags":[],"yoast_head":"<!-- This site is optimized with the Yoast SEO plugin v17.9 - https:\/\/yoast.com\/wordpress\/plugins\/seo\/ -->\n<title>\u00ab Mes comp\u00e9tences avant mon handicap \u00bb - BDE Group<\/title>\n<meta name=\"robots\" content=\"index, follow, max-snippet:-1, max-image-preview:large, max-video-preview:-1\" \/>\n<link rel=\"canonical\" href=\"https:\/\/www.bde-group.be\/nl\/mes-competences-avant-mon-handicap\/\" \/>\n<meta property=\"og:locale\" content=\"nl_NL\" \/>\n<meta property=\"og:type\" content=\"article\" \/>\n<meta property=\"og:title\" content=\"\u00ab Mes comp\u00e9tences avant mon handicap \u00bb - BDE Group\" \/>\n<meta property=\"og:description\" content=\"Marc Vingtcent a rejoint le BDE Group en novembre 2013 en tant que personne \u00e0 votre \u00e9coute pour toutes questions de support ou d\u2019assistance informatique par t\u00e9l\u00e9phone. Cet engagement, un peu particulier, a fait l\u2019objet d\u2019un article dans la Derni\u00e8re Heure. En effet, la r\u00e9gion Bruxelloise tente de sensibiliser les entreprises \u00e0 l\u2019engagement de personnes [&hellip;]\" \/>\n<meta property=\"og:url\" content=\"https:\/\/www.bde-group.be\/nl\/mes-competences-avant-mon-handicap\/\" \/>\n<meta property=\"og:site_name\" content=\"BDE Group\" \/>\n<meta property=\"article:published_time\" content=\"2014-12-03T15:15:29+00:00\" \/>\n<meta property=\"article:modified_time\" content=\"2018-03-06T17:15:01+00:00\" \/>\n<meta name=\"twitter:card\" content=\"summary_large_image\" \/>\n<meta name=\"twitter:label1\" content=\"Geschreven door\" \/>\n\t<meta name=\"twitter:data1\" content=\"bdegroup\" \/>\n\t<meta name=\"twitter:label2\" content=\"Geschatte leestijd\" \/>\n\t<meta name=\"twitter:data2\" content=\"1 minuut\" \/>\n<script type=\"application\/ld+json\" class=\"yoast-schema-graph\">{\"@context\":\"https:\/\/schema.org\",\"@graph\":[{\"@type\":\"WebSite\",\"@id\":\"https:\/\/www.bde-group.be\/#website\",\"url\":\"https:\/\/www.bde-group.be\/\",\"name\":\"BDE Group\",\"description\":\"Votre partenaire informatique!\",\"potentialAction\":[{\"@type\":\"SearchAction\",\"target\":{\"@type\":\"EntryPoint\",\"urlTemplate\":\"https:\/\/www.bde-group.be\/?s={search_term_string}\"},\"query-input\":\"required name=search_term_string\"}],\"inLanguage\":\"nl\"},{\"@type\":\"WebPage\",\"@id\":\"https:\/\/www.bde-group.be\/nl\/mes-competences-avant-mon-handicap\/#webpage\",\"url\":\"https:\/\/www.bde-group.be\/nl\/mes-competences-avant-mon-handicap\/\",\"name\":\"\\u00ab Mes comp\\u00e9tences avant mon handicap \\u00bb - BDE Group\",\"isPartOf\":{\"@id\":\"https:\/\/www.bde-group.be\/#website\"},\"datePublished\":\"2014-12-03T15:15:29+00:00\",\"dateModified\":\"2018-03-06T17:15:01+00:00\",\"author\":{\"@id\":\"https:\/\/www.bde-group.be\/#\/schema\/person\/7e4504016a63b862e55af1534441d884\"},\"breadcrumb\":{\"@id\":\"https:\/\/www.bde-group.be\/nl\/mes-competences-avant-mon-handicap\/#breadcrumb\"},\"inLanguage\":\"nl\",\"potentialAction\":[{\"@type\":\"ReadAction\",\"target\":[\"https:\/\/www.bde-group.be\/nl\/mes-competences-avant-mon-handicap\/\"]}]},{\"@type\":\"BreadcrumbList\",\"@id\":\"https:\/\/www.bde-group.be\/nl\/mes-competences-avant-mon-handicap\/#breadcrumb\",\"itemListElement\":[{\"@type\":\"ListItem\",\"position\":1,\"name\":\"Home\",\"item\":\"https:\/\/www.bde-group.be\/nl\/\"},{\"@type\":\"ListItem\",\"position\":2,\"name\":\"\\u00ab Mes comp\\u00e9tences avant mon handicap \\u00bb\"}]},{\"@type\":\"Person\",\"@id\":\"https:\/\/www.bde-group.be\/#\/schema\/person\/7e4504016a63b862e55af1534441d884\",\"name\":\"bdegroup\",\"image\":{\"@type\":\"ImageObject\",\"@id\":\"https:\/\/www.bde-group.be\/#personlogo\",\"inLanguage\":\"nl\",\"url\":\"https:\/\/secure.gravatar.com\/avatar\/0af730ec9ee79e39c0fc49624b6ce77b?s=96&d=mm&r=g\",\"contentUrl\":\"https:\/\/secure.gravatar.com\/avatar\/0af730ec9ee79e39c0fc49624b6ce77b?s=96&d=mm&r=g\",\"caption\":\"bdegroup\"},\"url\":\"https:\/\/www.bde-group.be\/nl\/author\/bdegroup\/\"}]}<\/script>\n<!-- \/ Yoast SEO plugin. -->","yoast_head_json":{"title":"\u00ab Mes comp\u00e9tences avant mon handicap \u00bb - BDE Group","robots":{"index":"index","follow":"follow","max-snippet":"max-snippet:-1","max-image-preview":"max-image-preview:large","max-video-preview":"max-video-preview:-1"},"canonical":"https:\/\/www.bde-group.be\/nl\/mes-competences-avant-mon-handicap\/","og_locale":"nl_NL","og_type":"article","og_title":"\u00ab Mes comp\u00e9tences avant mon handicap \u00bb - BDE Group","og_description":"Marc Vingtcent a rejoint le BDE Group en novembre 2013 en tant que personne \u00e0 votre \u00e9coute pour toutes questions de support ou d\u2019assistance informatique par t\u00e9l\u00e9phone. Cet engagement, un peu particulier, a fait l\u2019objet d\u2019un article dans la Derni\u00e8re Heure. En effet, la r\u00e9gion Bruxelloise tente de sensibiliser les entreprises \u00e0 l\u2019engagement de personnes [&hellip;]","og_url":"https:\/\/www.bde-group.be\/nl\/mes-competences-avant-mon-handicap\/","og_site_name":"BDE Group","article_published_time":"2014-12-03T15:15:29+00:00","article_modified_time":"2018-03-06T17:15:01+00:00","twitter_card":"summary_large_image","twitter_misc":{"Geschreven door":"bdegroup","Geschatte leestijd":"1 minuut"},"schema":{"@context":"https:\/\/schema.org","@graph":[{"@type":"WebSite","@id":"https:\/\/www.bde-group.be\/#website","url":"https:\/\/www.bde-group.be\/","name":"BDE Group","description":"Votre partenaire informatique!","potentialAction":[{"@type":"SearchAction","target":{"@type":"EntryPoint","urlTemplate":"https:\/\/www.bde-group.be\/?s={search_term_string}"},"query-input":"required name=search_term_string"}],"inLanguage":"nl"},{"@type":"WebPage","@id":"https:\/\/www.bde-group.be\/nl\/mes-competences-avant-mon-handicap\/#webpage","url":"https:\/\/www.bde-group.be\/nl\/mes-competences-avant-mon-handicap\/","name":"\u00ab Mes comp\u00e9tences avant mon handicap \u00bb - BDE Group","isPartOf":{"@id":"https:\/\/www.bde-group.be\/#website"},"datePublished":"2014-12-03T15:15:29+00:00","dateModified":"2018-03-06T17:15:01+00:00","author":{"@id":"https:\/\/www.bde-group.be\/#\/schema\/person\/7e4504016a63b862e55af1534441d884"},"breadcrumb":{"@id":"https:\/\/www.bde-group.be\/nl\/mes-competences-avant-mon-handicap\/#breadcrumb"},"inLanguage":"nl","potentialAction":[{"@type":"ReadAction","target":["https:\/\/www.bde-group.be\/nl\/mes-competences-avant-mon-handicap\/"]}]},{"@type":"BreadcrumbList","@id":"https:\/\/www.bde-group.be\/nl\/mes-competences-avant-mon-handicap\/#breadcrumb","itemListElement":[{"@type":"ListItem","position":1,"name":"Home","item":"https:\/\/www.bde-group.be\/nl\/"},{"@type":"ListItem","position":2,"name":"\u00ab Mes comp\u00e9tences avant mon handicap \u00bb"}]},{"@type":"Person","@id":"https:\/\/www.bde-group.be\/#\/schema\/person\/7e4504016a63b862e55af1534441d884","name":"bdegroup","image":{"@type":"ImageObject","@id":"https:\/\/www.bde-group.be\/#personlogo","inLanguage":"nl","url":"https:\/\/secure.gravatar.com\/avatar\/0af730ec9ee79e39c0fc49624b6ce77b?s=96&d=mm&r=g","contentUrl":"https:\/\/secure.gravatar.com\/avatar\/0af730ec9ee79e39c0fc49624b6ce77b?s=96&d=mm&r=g","caption":"bdegroup"},"url":"https:\/\/www.bde-group.be\/nl\/author\/bdegroup\/"}]}},"_links":{"self":[{"href":"https:\/\/www.bde-group.be\/nl\/wp-json\/wp\/v2\/posts\/1983"}],"collection":[{"href":"https:\/\/www.bde-group.be\/nl\/wp-json\/wp\/v2\/posts"}],"about":[{"href":"https:\/\/www.bde-group.be\/nl\/wp-json\/wp\/v2\/types\/post"}],"author":[{"embeddable":true,"href":"https:\/\/www.bde-group.be\/nl\/wp-json\/wp\/v2\/users\/1"}],"replies":[{"embeddable":true,"href":"https:\/\/www.bde-group.be\/nl\/wp-json\/wp\/v2\/comments?post=1983"}],"version-history":[{"count":1,"href":"https:\/\/www.bde-group.be\/nl\/wp-json\/wp\/v2\/posts\/1983\/revisions"}],"predecessor-version":[{"id":3019,"href":"https:\/\/www.bde-group.be\/nl\/wp-json\/wp\/v2\/posts\/1983\/revisions\/3019"}],"wp:attachment":[{"href":"https:\/\/www.bde-group.be\/nl\/wp-json\/wp\/v2\/media?parent=1983"}],"wp:term":[{"taxonomy":"category","embeddable":true,"href":"https:\/\/www.bde-group.be\/nl\/wp-json\/wp\/v2\/categories?post=1983"},{"taxonomy":"post_tag","embeddable":true,"href":"https:\/\/www.bde-group.be\/nl\/wp-json\/wp\/v2\/tags?post=1983"}],"curies":[{"name":"wp","href":"https:\/\/api.w.org\/{rel}","templated":true}]}}